{"id":244845,"date":"2025-11-23T10:00:41","date_gmt":"2025-11-23T09:00:41","guid":{"rendered":"https:\/\/www.pariszigzag.fr\/?p=244845"},"modified":"2025-11-23T17:54:05","modified_gmt":"2025-11-23T16:54:05","slug":"jardin-eugenie-djendi-15e","status":"publish","type":"post","link":"https:\/\/www.pariszigzag.fr\/insolite\/balades-excursions\/jardin-eugenie-djendi-15e\/","title":{"rendered":"Avez-vous d\u00e9j\u00e0 arpent\u00e9 ce jardin-labyrinthe situ\u00e9 entre la Petite Ceinture et le Parc Andr\u00e9 Citro\u00ebn ?"},"content":{"rendered":"<p>\u00c0 deux pas des bords de <strong>Seine<\/strong>, le jardin o\u00f9 on vous m\u00e8ne porte depuis d\u00e9j\u00e0 10 ans une grande histoire ! En plus d\u2019\u00eatre un hommage \u00e0 une h\u00e9ro\u00efne m\u00e9connue de la<strong> Seconde Guerre mondiale<\/strong>, cet espace vert sait se faire discret. En l\u2019arpentant, vous profiterez d\u2019espaces sereins, et labyrinthiques, o\u00f9 il fera bon vous perdre. Voici le jardin <strong>Eug\u00e9nie-Malika Djendi<\/strong> !<\/p>\n<h2><span style=\"color: #000080;\"><strong>Entre la Petite Ceiture et le Parc Andr\u00e9 Citro\u00ebn<\/strong><\/span><\/h2>\n<p>Attenant au <strong><a href=\"https:\/\/www.pariszigzag.fr\/sortir-paris\/parc-andre-citroen\/\" target=\"_blank\" rel=\"noopener\">parc Andr\u00e9 Citro\u00ebn<\/a><\/strong>, cette petite perle verdoyante du 15<sup>e<\/sup> vous permettra d\u2019\u00e9viter l\u2019affluence du premier. Notez aussi que son emplacement est id\u00e9al, car il est \u00e9galement \u00e0 deux pas de la fameuse <strong><a href=\"https:\/\/www.pariszigzag.fr\/sortir-paris\/balade-paris\/les-meilleurs-spots-de-la-petite-ceinture\/\" target=\"_blank\" rel=\"noopener\">Petite Ceinture du 15e<\/a><\/strong>. Ce parc arbor\u00e9 repr\u00e9sentera donc un bon point de d\u00e9part si vous cherchez \u00e0 vivre une aventure bucolique dans l\u2019ouest parisien. Par ailleurs, le jardin <strong>Eug\u00e9nie-Malika Djendi<\/strong> d\u00e9tient quelques aires de jeux.<\/p>\n<h2><span style=\"color: #000080;\"><strong>Arpentez le labyrinthe\u00a0! <\/strong><\/span><\/h2>\n<p>Cet agr\u00e9able jardin de <strong>Paris<\/strong> est compos\u00e9 de 3 espaces, ou plut\u00f4t : \u00e9tages ! C\u2019est une des premi\u00e8res raisons pour lesquelles on le d\u00e9finit comme \u00e9tant un labyrinthe. La premi\u00e8re partie, situ\u00e9e au niveau de la rue, se compose d\u2019une promenade, et d\u2019espaces de jeux. C\u2019est depuis cette partie que vous pourrez rejoindre le <strong>Parc Andr\u00e9 Citro\u00ebn<\/strong>.<\/p>\n<figure id=\"attachment_244850\" aria-describedby=\"caption-attachment-244850\" style=\"width: 1200px\" class=\"wp-caption aligncenter\"><img loading=\"lazy\" decoding=\"async\" class=\"size-full wp-image-244850\" src=\"https:\/\/www.pariszigzag.fr\/wp-content\/uploads\/2025\/11\/jardineugeniedjendi2paris-zigzag-1-1.jpg\" alt=\"Jardin Eugenie Djendi \u00a9 Wikicommons\" width=\"1200\" height=\"700\" srcset=\"https:\/\/www.pariszigzag.fr\/wp-content\/uploads\/2025\/11\/jardineugeniedjendi2paris-zigzag-1-1.jpg 1200w, https:\/\/www.pariszigzag.fr\/wp-content\/uploads\/2025\/11\/jardineugeniedjendi2paris-zigzag-1-1-514x300.jpg 514w, https:\/\/www.pariszigzag.fr\/wp-content\/uploads\/2025\/11\/jardineugeniedjendi2paris-zigzag-1-1-1024x597.jpg 1024w, https:\/\/www.pariszigzag.fr\/wp-content\/uploads\/2025\/11\/jardineugeniedjendi2paris-zigzag-1-1-768x448.jpg 768w, https:\/\/www.pariszigzag.fr\/wp-content\/uploads\/2025\/11\/jardineugeniedjendi2paris-zigzag-1-1-200x117.jpg 200w, https:\/\/www.pariszigzag.fr\/wp-content\/uploads\/2025\/11\/jardineugeniedjendi2paris-zigzag-1-1-80x47.jpg 80w, https:\/\/www.pariszigzag.fr\/wp-content\/uploads\/2025\/11\/jardineugeniedjendi2paris-zigzag-1-1-500x292.jpg 500w, https:\/\/www.pariszigzag.fr\/wp-content\/uploads\/2025\/11\/jardineugeniedjendi2paris-zigzag-1-1-700x408.jpg 700w, https:\/\/www.pariszigzag.fr\/wp-content\/uploads\/2025\/11\/jardineugeniedjendi2paris-zigzag-1-1-1000x583.jpg 1000w, https:\/\/www.pariszigzag.fr\/wp-content\/uploads\/2025\/11\/jardineugeniedjendi2paris-zigzag-1-1-600x350.jpg 600w, https:\/\/www.pariszigzag.fr\/wp-content\/uploads\/2025\/11\/jardineugeniedjendi2paris-zigzag-1-1-857x500.jpg 857w, https:\/\/www.pariszigzag.fr\/wp-content\/uploads\/2025\/11\/jardineugeniedjendi2paris-zigzag-1-1-300x175.jpg 300w\" sizes=\"auto, (max-width: 1200px) 100vw, 1200px\" \/><figcaption id=\"caption-attachment-244850\" class=\"wp-caption-text\"><strong>Jardin Eugenie Djendi \u00a9 Wikicommons<\/strong><\/figcaption><\/figure>\n<p>Le deuxi\u00e8me espace se constitue de galeries, avec des recoins th\u00e9matiques ! Votre visite n\u2019en sera que plus ludique : vous pourrez imm\u00e9diatement d\u00e9couvrir cet espace en entrant par la <strong>rue Balard<\/strong>. Ici, vous \u00eates au c\u0153ur du labyrinthe : chaque tranch\u00e9e -entre b\u00e9ton et verdure \u2013 vous m\u00e8nera de th\u00e8mes en th\u00e8mes, afin que vous trouviez la sortie. En plus : chaque th\u00e8me est accord\u00e9 \u00e0 une plantation fleurie.<\/p>\n<p>Enfin, vous aurez la chance d\u2019admirer des petits clos, semblables \u00e0 un arboretum, o\u00f9 on retrouve des \u00e9rables du japon, des magnolias, des pavots, des iris\u2026\u00a0 Clairement : ce jardin au c\u0153ur de<strong> Paris<\/strong> est un vrai tr\u00e9sor cach\u00e9.<\/p>\n<h2><span style=\"color: #000080;\"><strong>Un jardin hommage<\/strong><\/span><\/h2>\n<figure id=\"attachment_244852\" aria-describedby=\"caption-attachment-244852\" style=\"width: 1200px\" class=\"wp-caption aligncenter\"><img loading=\"lazy\" decoding=\"async\" class=\"size-full wp-image-244852\" src=\"https:\/\/www.pariszigzag.fr\/wp-content\/uploads\/2025\/11\/jardineugeniedjendi3paris-zigzag-1-1.jpg\" alt=\"Jardin Eugenie Djendi \u00a9 Wikicommons\" width=\"1200\" height=\"700\" srcset=\"https:\/\/www.pariszigzag.fr\/wp-content\/uploads\/2025\/11\/jardineugeniedjendi3paris-zigzag-1-1.jpg 1200w, https:\/\/www.pariszigzag.fr\/wp-content\/uploads\/2025\/11\/jardineugeniedjendi3paris-zigzag-1-1-514x300.jpg 514w, https:\/\/www.pariszigzag.fr\/wp-content\/uploads\/2025\/11\/jardineugeniedjendi3paris-zigzag-1-1-1024x597.jpg 1024w, https:\/\/www.pariszigzag.fr\/wp-content\/uploads\/2025\/11\/jardineugeniedjendi3paris-zigzag-1-1-768x448.jpg 768w, https:\/\/www.pariszigzag.fr\/wp-content\/uploads\/2025\/11\/jardineugeniedjendi3paris-zigzag-1-1-200x117.jpg 200w, https:\/\/www.pariszigzag.fr\/wp-content\/uploads\/2025\/11\/jardineugeniedjendi3paris-zigzag-1-1-80x47.jpg 80w, https:\/\/www.pariszigzag.fr\/wp-content\/uploads\/2025\/11\/jardineugeniedjendi3paris-zigzag-1-1-500x292.jpg 500w, https:\/\/www.pariszigzag.fr\/wp-content\/uploads\/2025\/11\/jardineugeniedjendi3paris-zigzag-1-1-700x408.jpg 700w, https:\/\/www.pariszigzag.fr\/wp-content\/uploads\/2025\/11\/jardineugeniedjendi3paris-zigzag-1-1-1000x583.jpg 1000w, https:\/\/www.pariszigzag.fr\/wp-content\/uploads\/2025\/11\/jardineugeniedjendi3paris-zigzag-1-1-600x350.jpg 600w, https:\/\/www.pariszigzag.fr\/wp-content\/uploads\/2025\/11\/jardineugeniedjendi3paris-zigzag-1-1-857x500.jpg 857w, https:\/\/www.pariszigzag.fr\/wp-content\/uploads\/2025\/11\/jardineugeniedjendi3paris-zigzag-1-1-300x175.jpg 300w\" sizes=\"auto, (max-width: 1200px) 100vw, 1200px\" \/><figcaption id=\"caption-attachment-244852\" class=\"wp-caption-text\"><strong>Jardin Eugenie Djendi \u00a9 Wikicommons<\/strong><\/figcaption><\/figure>\n<p>Avant 2015, cet espace vert du 15<sup>e<\/sup> se nommait \u00ab\u00a0le jardin noir\u00a0\u00bb, depuis, il porte le nom d\u2019<strong>Eug\u00e9nie-Malika Djendi<\/strong>, et on y trouve un monument aux morts, pr\u00e9sent depuis 2019. Les espaces verts portant le nom de combattantes fran\u00e7aises sont rares, ce lieu est d&rsquo;autant plus unique. <strong>Eug\u00e9nie-Malika Djendi<\/strong> a m\u00eame re\u00e7u \u00e0 titre posthume la<strong> L\u00e9gion d\u2019honneur<\/strong>, la <strong>Croix de guerre<\/strong> avec palme de vermeil et la <strong>m\u00e9daille de la R\u00e9sistance<\/strong>.<\/p>\n<p>La sous-lieutenante a \u00e9t\u00e9 une op\u00e9ratrice radio pendant la <strong>Seconde Guerre mondiale<\/strong>. N\u00e9e le 8 avril 1923 en <strong>Alg\u00e9rie<\/strong>, lors du conflit mondial, elle est devenue une \u00ab Merlinette \u00bb. Il s\u2019av\u00e8re qu\u2019apr\u00e8s de s\u00e9v\u00e8res bombardements en Afrique du Nord, le colonel Merlin a cr\u00e9\u00e9 \u00ab l\u2019arm\u00e9e des transmissions \u00bb, et pour compenser le manque drastique d\u2019hommes, des femmes se sont engag\u00e9es, volontaires. C&rsquo;est pour cette raison qu&rsquo;elles portaient ce surnom.<\/p>\n<p><strong>Eug\u00e9nie-Malika Djendi<\/strong> a op\u00e9r\u00e9 dans la r\u00e9gion parisienne et est parvenue \u00e0 \u00e9tablir une liaison entre<strong> Alger<\/strong> et <strong>Londres.<\/strong> Malheureusement, elle a \u00e9t\u00e9 rep\u00e9r\u00e9e, mais elle fut h\u00e9ro\u00efque jusqu\u2019au bout en aidant une autre Merlinette \u00e0 s\u2019enfuir de sa cellule. La vie d\u2019<strong>Eug\u00e9nie-Malika Djendi<\/strong> prendra fin le 18 janvier 1945 lorsqu\u2019elle sera pendue dans le camp de concentration de <strong>Ravensbr\u00fcck<\/strong>.<\/p>\n<p>Aussi, lorsque vous arpenterez ce jardin-labyrinthe discret, vous d\u00e9couvrirez aussi un bout d\u2019Histoire.<\/p>\n<figure id=\"attachment_244851\" aria-describedby=\"caption-attachment-244851\" style=\"width: 1200px\" class=\"wp-caption aligncenter\"><img loading=\"lazy\" decoding=\"async\" class=\"size-full wp-image-244851\" src=\"https:\/\/www.pariszigzag.fr\/wp-content\/uploads\/2025\/11\/jardineugeniedjendi4paris-zigzag-1.jpg\" alt=\"Jardin Eugenie Djendi, monument \u00a9 Wikicommons\" width=\"1200\" height=\"700\" srcset=\"https:\/\/www.pariszigzag.fr\/wp-content\/uploads\/2025\/11\/jardineugeniedjendi4paris-zigzag-1.jpg 1200w, https:\/\/www.pariszigzag.fr\/wp-content\/uploads\/2025\/11\/jardineugeniedjendi4paris-zigzag-1-514x300.jpg 514w, https:\/\/www.pariszigzag.fr\/wp-content\/uploads\/2025\/11\/jardineugeniedjendi4paris-zigzag-1-1024x597.jpg 1024w, https:\/\/www.pariszigzag.fr\/wp-content\/uploads\/2025\/11\/jardineugeniedjendi4paris-zigzag-1-768x448.jpg 768w, https:\/\/www.pariszigzag.fr\/wp-content\/uploads\/2025\/11\/jardineugeniedjendi4paris-zigzag-1-200x117.jpg 200w, https:\/\/www.pariszigzag.fr\/wp-content\/uploads\/2025\/11\/jardineugeniedjendi4paris-zigzag-1-80x47.jpg 80w, https:\/\/www.pariszigzag.fr\/wp-content\/uploads\/2025\/11\/jardineugeniedjendi4paris-zigzag-1-500x292.jpg 500w, https:\/\/www.pariszigzag.fr\/wp-content\/uploads\/2025\/11\/jardineugeniedjendi4paris-zigzag-1-700x408.jpg 700w, https:\/\/www.pariszigzag.fr\/wp-content\/uploads\/2025\/11\/jardineugeniedjendi4paris-zigzag-1-1000x583.jpg 1000w, https:\/\/www.pariszigzag.fr\/wp-content\/uploads\/2025\/11\/jardineugeniedjendi4paris-zigzag-1-600x350.jpg 600w, https:\/\/www.pariszigzag.fr\/wp-content\/uploads\/2025\/11\/jardineugeniedjendi4paris-zigzag-1-857x500.jpg 857w, https:\/\/www.pariszigzag.fr\/wp-content\/uploads\/2025\/11\/jardineugeniedjendi4paris-zigzag-1-300x175.jpg 300w\" sizes=\"auto, (max-width: 1200px) 100vw, 1200px\" \/><figcaption id=\"caption-attachment-244851\" class=\"wp-caption-text\"><strong>Jardin Eugenie Djendi, monument \u00a9 Wikicommons<\/strong><\/figcaption><\/figure>\n<p><strong>Jardin Eug\u00e9nie-Malika Djendi, 29 Rue de la Montagne de la Fage, 75015 Paris<\/strong><\/p>\n<p>M8 Balard, Pont du Garigliano RER C<\/p>\n<p><em><strong>Photo \u00e0 la une :<\/strong> <\/em>Jardin Eugenie Djendi \u00a9 Wikicommons<\/p>\n","protected":false},"excerpt":{"rendered":"<p>\u00c0 deux pas des bords de Seine, le jardin o\u00f9 on vous m\u00e8ne porte depuis d\u00e9j\u00e0 10 ans une grande histoire ! En plus d\u2019\u00eatre un hommage \u00e0 une h\u00e9ro\u00efne m\u00e9connue de la Seconde Guerre mondiale, cet espace vert sait se faire discret. En l\u2019arpentant, vous profiterez d\u2019espaces sereins, et labyrinthiques, o\u00f9 il fera bon [&hellip;]<\/p>\n","protected":false},"author":84,"featured_media":244847,"comment_status":"open","ping_status":"closed","sticky":false,"template":"","format":"standard","meta":{"_acf_changed":false,"_seopress_robots_primary_cat":"","_seopress_titles_title":"Avez-vous d\u00e9j\u00e0 arpent\u00e9 ce jardin-labyrinthe situ\u00e9 entre la Petite Ceinture et le Parc Andr\u00e9 Citro\u00ebn ? ","_seopress_titles_desc":"\u00c0 deux pas des bords de Seine, le jardin o\u00f9 on vous m\u00e8ne porte depuis d\u00e9j\u00e0 10 ans une grande histoire\u00a0qui se fait encore discr\u00e8te !","_seopress_robots_index":"","footnotes":""},"categories":[1426],"tags":[],"class_list":["post-244845","post","type-post","status-publish","format-standard","has-post-thumbnail","hentry","category-balades-excursions"],"acf":[],"_links":{"self":[{"href":"https:\/\/www.pariszigzag.fr\/api\/wp\/v2\/posts\/244845","targetHints":{"allow":["GET"]}}],"collection":[{"href":"https:\/\/www.pariszigzag.fr\/api\/wp\/v2\/posts"}],"about":[{"href":"https:\/\/www.pariszigzag.fr\/api\/wp\/v2\/types\/post"}],"author":[{"embeddable":true,"href":"https:\/\/www.pariszigzag.fr\/api\/wp\/v2\/users\/84"}],"replies":[{"embeddable":true,"href":"https:\/\/www.pariszigzag.fr\/api\/wp\/v2\/comments?post=244845"}],"version-history":[{"count":4,"href":"https:\/\/www.pariszigzag.fr\/api\/wp\/v2\/posts\/244845\/revisions"}],"predecessor-version":[{"id":245776,"href":"https:\/\/www.pariszigzag.fr\/api\/wp\/v2\/posts\/244845\/revisions\/245776"}],"wp:featuredmedia":[{"embeddable":true,"href":"https:\/\/www.pariszigzag.fr\/api\/wp\/v2\/media\/244847"}],"wp:attachment":[{"href":"https:\/\/www.pariszigzag.fr\/api\/wp\/v2\/media?parent=244845"}],"wp:term":[{"taxonomy":"category","embeddable":true,"href":"https:\/\/www.pariszigzag.fr\/api\/wp\/v2\/categories?post=244845"},{"taxonomy":"post_tag","embeddable":true,"href":"https:\/\/www.pariszigzag.fr\/api\/wp\/v2\/tags?post=244845"}],"curies":[{"name":"wp","href":"https:\/\/api.w.org\/{rel}","templated":true}]}}